{"id":3871,"global_id":"www.asierpolo.com\/en\/?id=3871","global_id_lineage":["www.asierpolo.com\/en\/?id=3871"],"author":"3","status":"publish","date":"2023-05-11 20:13:19","date_utc":"2023-05-11 18:13:19","modified":"2023-05-11 20:14:47","modified_utc":"2023-05-11 18:14:47","url":"https:\/\/www.asierpolo.com\/en\/evento\/recital-ticino-musica-festival\/","rest_url":"https:\/\/www.asierpolo.com\/en\/wp-json\/tribe\/events\/v1\/events\/3871","title":"Recital. Ticino Musica Festival","description":"<p>Works by Paul Hindemith, C\u00e9sar Franck, Enrique Granados, Manuel de Falla and Gaspar Cassad\u00f3.<\/p>\n<p>&nbsp;<\/p>\n<p>Asier Polo, <em>cello<\/em><\/p>\n<p>Ricardo Ali \u00c1lvarez, <em>piano<\/em><\/p>\n<p>&nbsp;<\/p>\n<p><a href=\"https:\/\/www.ticinomusica.com\/it\/festival\/eventi\/19-07-2023_ore_2100_recital_di_violoncello_lugano\" target=\"_blank\" rel=\"noopener\">More info &amp; tickets<\/a><\/p>","excerpt":"","slug":"recital-ticino-musica-festival","image":{"url":"https:\/\/www.asierpolo.com\/wp-content\/uploads\/2017\/10\/AP4.jpg","id":2053,"extension":"jpg","width":640,"height":426,"sizes":{"thumbnail":{"width":150,"height":150,"mime-type":"image\/jpeg","url":"https:\/\/www.asierpolo.com\/wp-content\/uploads\/2017\/10\/AP4-150x150.jpg"},"medium":{"width":300,"height":200,"mime-type":"image\/jpeg","url":"https:\/\/www.asierpolo.com\/wp-content\/uploads\/2017\/10\/AP4-300x200.jpg"},"homepage-news":{"width":450,"height":270,"mime-type":"image\/jpeg","url":"https:\/\/www.asierpolo.com\/wp-content\/uploads\/2017\/10\/AP4-450x270.jpg"},"homepage-videos":{"width":450,"height":350,"mime-type":"image\/jpeg","url":"https:\/\/www.asierpolo.com\/wp-content\/uploads\/2017\/10\/AP4-450x350.jpg"},"list-news":{"width":640,"height":420,"mime-type":"image\/jpeg","url":"https:\/\/www.asierpolo.com\/wp-content\/uploads\/2017\/10\/AP4-640x420.jpg"},"foto-grid":{"width":320,"height":213,"mime-type":"image\/jpeg","url":"https:\/\/www.asierpolo.com\/wp-content\/uploads\/2017\/10\/AP4-320x213.jpg"},"foto-grid-2":{"width":270,"height":180,"mime-type":"image\/jpeg","url":"https:\/\/www.asierpolo.com\/wp-content\/uploads\/2017\/10\/AP4-270x180.jpg"}}},"all_day":false,"start_date":"2023-07-19 21:00:00","start_date_details":{"year":"2023","month":"07","day":"19","hour":"21","minutes":"00","seconds":"00"},"end_date":"2023-07-19 21:00:00","end_date_details":{"year":"2023","month":"07","day":"19","hour":"21","minutes":"00","seconds":"00"},"utc_start_date":"2023-07-19 19:00:00","utc_start_date_details":{"year":"2023","month":"07","day":"19","hour":"19","minutes":"00","seconds":"00"},"utc_end_date":"2023-07-19 19:00:00","utc_end_date_details":{"year":"2023","month":"07","day":"19","hour":"19","minutes":"00","seconds":"00"},"timezone":"Europe\/Madrid","timezone_abbr":"CEST","cost":"","cost_details":{"currency_symbol":"","currency_position":"prefix","values":[]},"website":"","show_map":true,"show_map_link":true,"hide_from_listings":false,"sticky":false,"featured":false,"categories":[],"tags":[],"venue":{"id":3849,"author":"3","status":"publish","date":"2022-11-29 12:27:57","date_utc":"2022-11-29 11:27:57","modified":"2022-11-29 12:27:57","modified_utc":"2022-11-29 11:27:57","url":"https:\/\/www.asierpolo.com\/venue\/conservatorio-della-svizzera-italiana\/","venue":"Conservatorio della Svizzera italiana","slug":"conservatorio-della-svizzera-italiana","address":"Via Soldino 9","city":"Lugano","country":"Suiza","zip":"6900","json_ld":{"@type":"Place","name":"Conservatorio della Svizzera italiana","description":"","url":"","address":{"@type":"PostalAddress","streetAddress":"Via Soldino 9","addressLocality":"Lugano","postalCode":"6900","addressCountry":"Suiza"},"telephone":"","sameAs":""},"show_map":true,"show_map_link":true,"global_id":"www.asierpolo.com\/en\/?id=3849","global_id_lineage":["www.asierpolo.com\/en\/?id=3849"]},"organizer":[],"json_ld":{"@context":"http:\/\/schema.org","@type":"Event","name":"Recital. Ticino Musica Festival","description":"&lt;p&gt;Works by Paul Hindemith, C\u00e9sar Franck, Enrique Granados, Manuel de Falla and Gaspar Cassad\u00f3. &nbsp; Asier Polo, cello Ricardo Ali \u00c1lvarez, piano &nbsp; More info &amp; tickets&lt;\/p&gt;\\n","image":"https:\/\/www.asierpolo.com\/wp-content\/uploads\/2017\/10\/AP4.jpg","url":"https:\/\/www.asierpolo.com\/en\/evento\/recital-ticino-musica-festival\/","startDate":"2023-07-19T21:00:00+02:00","endDate":"2023-07-19T21:00:00+02:00","location":{"@type":"Place","name":"Conservatorio della Svizzera italiana","description":"","url":"","address":{"@type":"PostalAddress","streetAddress":"Via Soldino 9","addressLocality":"Lugano","postalCode":"6900","addressCountry":"Suiza"},"telephone":"","sameAs":""},"performer":"Organization"}}