{"id":3799,"global_id":"www.asierpolo.com\/en\/?id=3799","global_id_lineage":["www.asierpolo.com\/en\/?id=3799"],"author":"3","status":"publish","date":"2022-09-06 17:58:12","date_utc":"2022-09-06 15:58:12","modified":"2022-09-06 17:59:57","modified_utc":"2022-09-06 15:59:57","url":"https:\/\/www.asierpolo.com\/en\/evento\/sinfonica-de-tenerife\/","rest_url":"https:\/\/www.asierpolo.com\/en\/wp-json\/tribe\/events\/v1\/events\/3799","title":"Sinf\u00f3nica de Tenerife","description":"<p>C. Saint-Sa\u00ebns: <em>Cello Concerto no.1 in A minor<\/em>, Op. 33<\/p>\n<p>&nbsp;<\/p>\n<p>Asier Polo, <em>cello<\/em><\/p>\n<p>Guillermo Garc\u00eda Calvo, <em>conductor<\/em><\/p>\n<p>Orquesta Sinf\u00f3nica de Tenerife<\/p>\n<p>&nbsp;<\/p>\n<p><a href=\"https:\/\/sinfonicadetenerife.es\/proximos-conciertos\/p-08-sinfonia-dolar\/\" target=\"_blank\" rel=\"noopener\">More info &#038; tickets<\/a><\/p>","excerpt":"","slug":"sinfonica-de-tenerife","image":{"url":"https:\/\/www.asierpolo.com\/wp-content\/uploads\/2021\/01\/AsierPolo9779ml\u00a9NoahShaye.jpg","id":3440,"extension":"jpg","width":2048,"height":1609,"sizes":{"thumbnail":{"width":150,"height":150,"mime-type":"image\/jpeg","url":"https:\/\/www.asierpolo.com\/wp-content\/uploads\/2021\/01\/AsierPolo9779ml\u00a9NoahShaye-150x150.jpg"},"medium":{"width":300,"height":236,"mime-type":"image\/jpeg","url":"https:\/\/www.asierpolo.com\/wp-content\/uploads\/2021\/01\/AsierPolo9779ml\u00a9NoahShaye-300x236.jpg"},"medium_large":{"width":768,"height":603,"mime-type":"image\/jpeg","url":"https:\/\/www.asierpolo.com\/wp-content\/uploads\/2021\/01\/AsierPolo9779ml\u00a9NoahShaye-768x603.jpg"},"large":{"width":1024,"height":805,"mime-type":"image\/jpeg","url":"https:\/\/www.asierpolo.com\/wp-content\/uploads\/2021\/01\/AsierPolo9779ml\u00a9NoahShaye-1024x805.jpg"},"homepage-news":{"width":450,"height":270,"mime-type":"image\/jpeg","url":"https:\/\/www.asierpolo.com\/wp-content\/uploads\/2021\/01\/AsierPolo9779ml\u00a9NoahShaye-450x270.jpg"},"homepage-videos":{"width":450,"height":350,"mime-type":"image\/jpeg","url":"https:\/\/www.asierpolo.com\/wp-content\/uploads\/2021\/01\/AsierPolo9779ml\u00a9NoahShaye-450x350.jpg"},"list-news":{"width":750,"height":420,"mime-type":"image\/jpeg","url":"https:\/\/www.asierpolo.com\/wp-content\/uploads\/2021\/01\/AsierPolo9779ml\u00a9NoahShaye-750x420.jpg"},"foto-grid":{"width":320,"height":251,"mime-type":"image\/jpeg","url":"https:\/\/www.asierpolo.com\/wp-content\/uploads\/2021\/01\/AsierPolo9779ml\u00a9NoahShaye-320x251.jpg"},"foto-grid-2":{"width":270,"height":180,"mime-type":"image\/jpeg","url":"https:\/\/www.asierpolo.com\/wp-content\/uploads\/2021\/01\/AsierPolo9779ml\u00a9NoahShaye-270x180.jpg"}}},"all_day":false,"start_date":"2023-03-17 19:30:00","start_date_details":{"year":"2023","month":"03","day":"17","hour":"19","minutes":"30","seconds":"00"},"end_date":"2023-03-17 19:30:00","end_date_details":{"year":"2023","month":"03","day":"17","hour":"19","minutes":"30","seconds":"00"},"utc_start_date":"2023-03-17 18:30:00","utc_start_date_details":{"year":"2023","month":"03","day":"17","hour":"18","minutes":"30","seconds":"00"},"utc_end_date":"2023-03-17 18:30:00","utc_end_date_details":{"year":"2023","month":"03","day":"17","hour":"18","minutes":"30","seconds":"00"},"timezone":"Europe\/Madrid","timezone_abbr":"CET","cost":"","cost_details":{"currency_symbol":"","currency_position":"prefix","values":[]},"website":"","show_map":true,"show_map_link":true,"hide_from_listings":false,"sticky":false,"featured":false,"categories":[],"tags":[],"venue":{"id":1967,"author":"2","status":"publish","date":"2017-10-28 17:22:07","date_utc":"2017-10-28 15:22:07","modified":"2022-09-01 13:48:27","modified_utc":"2022-09-01 11:48:27","url":"https:\/\/www.asierpolo.com\/venue\/auditorio-de-tenerife\/","venue":"Auditorio de Tenerife","slug":"auditorio-de-tenerife","address":"Av de la Constitucion, 1","city":"Santa Cruz de Tenerife","country":"Espa\u00f1a","zip":"38003","json_ld":{"@type":"Place","name":"Auditorio de Tenerife","description":"","url":"","address":{"@type":"PostalAddress","streetAddress":"Av de la Constitucion, 1","addressLocality":"Santa Cruz de Tenerife","postalCode":"38003","addressCountry":"Espa\u00f1a"},"telephone":"","sameAs":""},"show_map":true,"show_map_link":true,"global_id":"www.asierpolo.com\/en\/?id=1967","global_id_lineage":["www.asierpolo.com\/en\/?id=1967"]},"organizer":[],"json_ld":{"@context":"http:\/\/schema.org","@type":"Event","name":"Sinf\u00f3nica de Tenerife","description":"&lt;p&gt;C. Saint-Sa\u00ebns: Cello Concerto no.1 in A minor, Op. 33 &nbsp; Asier Polo, cello Guillermo Garc\u00eda Calvo, conductor Orquesta Sinf\u00f3nica de Tenerife &nbsp; More info &amp; tickets&lt;\/p&gt;\\n","image":"https:\/\/www.asierpolo.com\/wp-content\/uploads\/2021\/01\/AsierPolo9779ml\u00a9NoahShaye.jpg","url":"https:\/\/www.asierpolo.com\/en\/evento\/sinfonica-de-tenerife\/","startDate":"2023-03-17T19:30:00+01:00","endDate":"2023-03-17T19:30:00+01:00","location":{"@type":"Place","name":"Auditorio de Tenerife","description":"","url":"","address":{"@type":"PostalAddress","streetAddress":"Av de la Constitucion, 1","addressLocality":"Santa Cruz de Tenerife","postalCode":"38003","addressCountry":"Espa\u00f1a"},"telephone":"","sameAs":""},"performer":"Organization"}}