{"id":3002,"global_id":"www.asierpolo.com\/en\/?id=3002","global_id_lineage":["www.asierpolo.com\/en\/?id=3002"],"author":"3","status":"publish","date":"2020-02-08 23:44:13","date_utc":"2020-02-08 22:44:13","modified":"2020-02-08 23:51:45","modified_utc":"2020-02-08 22:51:45","url":"https:\/\/www.asierpolo.com\/en\/evento\/recital-conciertos-de-verano-del-palau-march-2\/","rest_url":"https:\/\/www.asierpolo.com\/en\/wp-json\/tribe\/events\/v1\/events\/3002","title":"Recital: Summer Concerts at Palau March","description":"<p>Works by Gluck, Faur\u00e9, Hahn, Brahms, Obradors, Cassad\u00f3, Previn, Bernstein y Schubert.<\/p>\n<p>&nbsp;<\/p>\n<p>Asier Polo, <em>cello.\u00a0<\/em>Raquel Lojendio, <em>soprano.\u00a0<\/em>Alfredo Oy\u00e1g\u00fcez Montero, <em>piano<\/em><\/p>\n<p>&nbsp;<\/p>\n<p>Fundaci\u00f3n Bartolom\u00e9 March<\/p>\n<p><a href=\"http:\/\/fundacionbmarch.es\/\" target=\"_blank\" rel=\"noopener\">More info &amp; tickets<\/a><\/p>","excerpt":"","slug":"recital-conciertos-de-verano-del-palau-march-2","image":{"url":"https:\/\/www.asierpolo.com\/wp-content\/uploads\/2017\/10\/AP2.jpg","id":2043,"extension":"jpg","width":1280,"height":852,"sizes":{"thumbnail":{"width":150,"height":150,"mime-type":"image\/jpeg","url":"https:\/\/www.asierpolo.com\/wp-content\/uploads\/2017\/10\/AP2-150x150.jpg"},"medium":{"width":300,"height":200,"mime-type":"image\/jpeg","url":"https:\/\/www.asierpolo.com\/wp-content\/uploads\/2017\/10\/AP2-300x200.jpg"},"medium_large":{"width":768,"height":511,"mime-type":"image\/jpeg","url":"https:\/\/www.asierpolo.com\/wp-content\/uploads\/2017\/10\/AP2-768x511.jpg"},"large":{"width":1024,"height":682,"mime-type":"image\/jpeg","url":"https:\/\/www.asierpolo.com\/wp-content\/uploads\/2017\/10\/AP2-1024x682.jpg"},"homepage-news":{"width":450,"height":270,"mime-type":"image\/jpeg","url":"https:\/\/www.asierpolo.com\/wp-content\/uploads\/2017\/10\/AP2-450x270.jpg"},"homepage-videos":{"width":450,"height":350,"mime-type":"image\/jpeg","url":"https:\/\/www.asierpolo.com\/wp-content\/uploads\/2017\/10\/AP2-450x350.jpg"},"list-news":{"width":750,"height":420,"mime-type":"image\/jpeg","url":"https:\/\/www.asierpolo.com\/wp-content\/uploads\/2017\/10\/AP2-750x420.jpg"},"foto-grid":{"width":320,"height":213,"mime-type":"image\/jpeg","url":"https:\/\/www.asierpolo.com\/wp-content\/uploads\/2017\/10\/AP2-320x213.jpg"},"foto-grid-2":{"width":270,"height":180,"mime-type":"image\/jpeg","url":"https:\/\/www.asierpolo.com\/wp-content\/uploads\/2017\/10\/AP2-270x180.jpg"}}},"all_day":true,"start_date":"2020-07-24 00:00:00","start_date_details":{"year":"2020","month":"07","day":"24","hour":"00","minutes":"00","seconds":"00"},"end_date":"2020-07-24 23:59:59","end_date_details":{"year":"2020","month":"07","day":"24","hour":"23","minutes":"59","seconds":"59"},"utc_start_date":"2020-07-23 22:00:00","utc_start_date_details":{"year":"2020","month":"07","day":"23","hour":"22","minutes":"00","seconds":"00"},"utc_end_date":"2020-07-24 21:59:59","utc_end_date_details":{"year":"2020","month":"07","day":"24","hour":"21","minutes":"59","seconds":"59"},"timezone":"Europe\/Madrid","timezone_abbr":"CEST","cost":"","cost_details":{"currency_symbol":"","currency_position":"prefix","values":[]},"website":"","show_map":true,"show_map_link":true,"hide_from_listings":false,"sticky":false,"featured":false,"categories":[],"tags":[],"venue":{"id":3004,"author":"3","status":"publish","date":"2020-02-08 23:45:58","date_utc":"2020-02-08 22:45:58","modified":"2020-02-08 23:45:58","modified_utc":"2020-02-08 22:45:58","url":"https:\/\/www.asierpolo.com\/en\/venue\/palau-march\/","venue":"Palau March","slug":"palau-march","address":"Carrer del Palau Reial, 18","city":"Palma de Mallorca","country":"Espa\u00f1a","zip":"07001","json_ld":{"@type":"Place","name":"Palau March","description":"","url":"","address":{"@type":"PostalAddress","streetAddress":"Carrer del Palau Reial, 18","addressLocality":"Palma de Mallorca","postalCode":"07001","addressCountry":"Espa\u00f1a"},"telephone":"","sameAs":""},"show_map":true,"show_map_link":true,"global_id":"www.asierpolo.com\/en\/?id=3004","global_id_lineage":["www.asierpolo.com\/en\/?id=3004"]},"organizer":[],"json_ld":{"@context":"http:\/\/schema.org","@type":"Event","name":"Recital: Summer Concerts at Palau March","description":"&lt;p&gt;Works by Gluck, Faur\u00e9, Hahn, Brahms, Obradors, Cassad\u00f3, Previn, Bernstein y Schubert. &nbsp; Asier Polo, cello.\u00a0Raquel Lojendio, soprano.\u00a0Alfredo Oy\u00e1g\u00fcez Montero, piano &nbsp; Fundaci\u00f3n Bartolom\u00e9 March More info &amp; tickets&lt;\/p&gt;\\n","image":"https:\/\/www.asierpolo.com\/wp-content\/uploads\/2017\/10\/AP2.jpg","url":"https:\/\/www.asierpolo.com\/en\/evento\/recital-conciertos-de-verano-del-palau-march-2\/","startDate":"2020-07-24T00:00:00+02:00","endDate":"2020-07-24T23:59:59+02:00","location":{"@type":"Place","name":"Palau March","description":"","url":"","address":{"@type":"PostalAddress","streetAddress":"Carrer del Palau Reial, 18","addressLocality":"Palma de Mallorca","postalCode":"07001","addressCountry":"Espa\u00f1a"},"telephone":"","sameAs":""},"performer":"Organization"}}