{"id":1731,"global_id":"www.asierpolo.com\/en\/?id=1731","global_id_lineage":["www.asierpolo.com\/en\/?id=1731"],"author":"2","status":"publish","date":"2016-09-18 19:59:42","date_utc":"2016-09-18 17:59:42","modified":"2016-09-18 20:01:31","modified_utc":"2016-09-18 18:01:31","url":"https:\/\/www.asierpolo.com\/en\/evento\/orquesta-sinfonica-de-galicia-2\/","rest_url":"https:\/\/www.asierpolo.com\/en\/wp-json\/tribe\/events\/v1\/events\/1731","title":"Orquesta Sinf\u00f3nica de Galicia","description":"<p>Ginastera: Cello Concerto\u00a0N\u00ba 2, op. 50<\/p>\n<p>&nbsp;<\/p>\n<p>Andr\u00e9s Salado,\u00a0conductor<\/p>\n<p>Asier Polo, cello<\/p>\n<p><a href=\"http:\/\/www.sinfonicadegalicia.com\/es\/concierto\/34\/abono-9\/\" target=\"_blank\">more info<\/a><\/p>","excerpt":"","slug":"orquesta-sinfonica-de-galicia-2","image":{"url":"https:\/\/www.asierpolo.com\/wp-content\/uploads\/2016\/09\/OSG.png","id":1725,"extension":"png","width":341,"height":245,"sizes":{"thumbnail":{"width":150,"height":150,"mime-type":"image\/png","url":"https:\/\/www.asierpolo.com\/wp-content\/uploads\/2016\/09\/OSG-150x150.png"},"medium":{"width":300,"height":216,"mime-type":"image\/png","url":"https:\/\/www.asierpolo.com\/wp-content\/uploads\/2016\/09\/OSG-300x216.png"},"foto-grid":{"width":320,"height":230,"mime-type":"image\/png","url":"https:\/\/www.asierpolo.com\/wp-content\/uploads\/2016\/09\/OSG-320x230.png"},"foto-grid-2":{"width":270,"height":180,"mime-type":"image\/png","url":"https:\/\/www.asierpolo.com\/wp-content\/uploads\/2016\/09\/OSG-270x180.png"}}},"all_day":false,"start_date":"2017-01-20 20:30:00","start_date_details":{"year":"2017","month":"01","day":"20","hour":"20","minutes":"30","seconds":"00"},"end_date":"2017-01-20 22:30:00","end_date_details":{"year":"2017","month":"01","day":"20","hour":"22","minutes":"30","seconds":"00"},"utc_start_date":"2017-01-20 19:30:00","utc_start_date_details":{"year":"2017","month":"01","day":"20","hour":"19","minutes":"30","seconds":"00"},"utc_end_date":"2017-01-20 21:30:00","utc_end_date_details":{"year":"2017","month":"01","day":"20","hour":"21","minutes":"30","seconds":"00"},"timezone":"Europe\/Madrid","timezone_abbr":"CET","cost":"","cost_details":{"currency_symbol":"","currency_position":"prefix","values":[]},"website":"","show_map":false,"show_map_link":false,"hide_from_listings":false,"sticky":false,"featured":false,"categories":[],"tags":[],"venue":{"id":1730,"author":"2","status":"publish","date":"2016-09-18 19:59:42","date_utc":"2016-09-18 17:59:42","modified":"2016-09-18 19:59:42","modified_utc":"2016-09-18 17:59:42","url":"https:\/\/www.asierpolo.com\/venue\/palacio-de-la-opera\/","venue":"Palacio de la \u00d3pera","slug":"palacio-de-la-opera","city":"A Coru\u00f1a","country":"Espa\u00f1a","json_ld":{"@type":"Place","name":"Palacio de la \u00d3pera","description":"","url":"","address":{"@type":"PostalAddress","addressLocality":"A Coru\u00f1a","addressCountry":"Espa\u00f1a"},"telephone":"","sameAs":""},"show_map":true,"show_map_link":true,"global_id":"www.asierpolo.com\/en\/?id=1730","global_id_lineage":["www.asierpolo.com\/en\/?id=1730"]},"organizer":[],"json_ld":{"@context":"http:\/\/schema.org","@type":"Event","name":"Orquesta Sinf\u00f3nica de Galicia","description":"&lt;p&gt;Ginastera: Cello Concerto\u00a0N\u00ba 2, op. 50 &nbsp; Andr\u00e9s Salado,\u00a0conductor Asier Polo, cello more info&lt;\/p&gt;\\n","image":"https:\/\/www.asierpolo.com\/wp-content\/uploads\/2016\/09\/OSG.png","url":"https:\/\/www.asierpolo.com\/en\/evento\/orquesta-sinfonica-de-galicia-2\/","startDate":"2017-01-20T20:30:00+01:00","endDate":"2017-01-20T22:30:00+01:00","location":{"@type":"Place","name":"Palacio de la \u00d3pera","description":"","url":"","address":{"@type":"PostalAddress","addressLocality":"A Coru\u00f1a","addressCountry":"Espa\u00f1a"},"telephone":"","sameAs":""},"performer":"Organization"}}