{"id":1677,"global_id":"www.asierpolo.com\/en\/?id=1677","global_id_lineage":["www.asierpolo.com\/en\/?id=1677"],"author":"2","status":"publish","date":"2016-06-06 22:36:58","date_utc":"2016-06-06 20:36:58","modified":"2016-06-06 22:58:44","modified_utc":"2016-06-06 20:58:44","url":"https:\/\/www.asierpolo.com\/en\/evento\/festival-de-forum-musikae-concierto-de-clausura\/","rest_url":"https:\/\/www.asierpolo.com\/en\/wp-json\/tribe\/events\/v1\/events\/1677","title":"Forum Musikae Festival: Closing Concert","description":"<p><strong>Beethoven: Trio in\u00a0D major, Op. 70 N\u00ba1 (&#8220;Ghost Trio&#8221;)<\/strong><\/p>\n<p>Jes\u00fas Reina, violin<br \/>\nAsier Polo, cello<br \/>\nIvan Mart\u00edn, piano<\/p>\n<p><a href=\"http:\/\/www.forummusikae.com\/festival-de-conciertos.html\" target=\"_blank\">more information<\/a><\/p>","excerpt":"","slug":"festival-de-forum-musikae-concierto-de-clausura","image":{"url":"https:\/\/www.asierpolo.com\/wp-content\/uploads\/2015\/08\/IN2015032_Foto9B.jpg","id":893,"extension":"jpg","width":400,"height":300,"sizes":{"thumbnail":{"width":150,"height":150,"mime-type":"image\/jpeg","url":"https:\/\/www.asierpolo.com\/wp-content\/uploads\/2015\/08\/IN2015032_Foto9B-150x150.jpg"},"medium":{"width":300,"height":225,"mime-type":"image\/jpeg","url":"https:\/\/www.asierpolo.com\/wp-content\/uploads\/2015\/08\/IN2015032_Foto9B-300x225.jpg"},"homepage-news":{"width":400,"height":270,"mime-type":"image\/jpeg","url":"https:\/\/www.asierpolo.com\/wp-content\/uploads\/2015\/08\/IN2015032_Foto9B-400x270.jpg"},"foto-grid":{"width":320,"height":240,"mime-type":"image\/jpeg","url":"https:\/\/www.asierpolo.com\/wp-content\/uploads\/2015\/08\/IN2015032_Foto9B-320x240.jpg"}}},"all_day":false,"start_date":"2016-07-23 20:00:00","start_date_details":{"year":"2016","month":"07","day":"23","hour":"20","minutes":"00","seconds":"00"},"end_date":"2016-07-23 22:00:00","end_date_details":{"year":"2016","month":"07","day":"23","hour":"22","minutes":"00","seconds":"00"},"utc_start_date":"2016-07-23 18:00:00","utc_start_date_details":{"year":"2016","month":"07","day":"23","hour":"18","minutes":"00","seconds":"00"},"utc_end_date":"2016-07-23 20:00:00","utc_end_date_details":{"year":"2016","month":"07","day":"23","hour":"20","minutes":"00","seconds":"00"},"timezone":"Europe\/Madrid","timezone_abbr":"CEST","cost":"","cost_details":{"currency_symbol":"","currency_position":"prefix","values":[]},"website":"","show_map":false,"show_map_link":false,"hide_from_listings":false,"sticky":false,"featured":false,"categories":[],"tags":[],"venue":{"id":1671,"author":"2","status":"publish","date":"2016-06-06 22:24:45","date_utc":"2016-06-06 20:24:45","modified":"2016-06-06 22:24:45","modified_utc":"2016-06-06 20:24:45","url":"https:\/\/www.asierpolo.com\/venue\/teatro-mira-pozuelo-de-alarcon\/","venue":"Teatro Mira, Pozuelo de Alarc\u00f3n","slug":"teatro-mira-pozuelo-de-alarcon","city":"Madrid","country":"Espa\u00f1a","json_ld":{"@type":"Place","name":"Teatro Mira, Pozuelo de Alarc\u00f3n","description":"","url":"","address":{"@type":"PostalAddress","addressLocality":"Madrid","addressCountry":"Espa\u00f1a"},"telephone":"","sameAs":""},"show_map":true,"show_map_link":true,"global_id":"www.asierpolo.com\/en\/?id=1671","global_id_lineage":["www.asierpolo.com\/en\/?id=1671"]},"organizer":[],"json_ld":{"@context":"http:\/\/schema.org","@type":"Event","name":"Forum Musikae Festival: Closing Concert","description":"&lt;p&gt;Beethoven: Trio in\u00a0D major, Op. 70 N\u00ba1 (&quot;Ghost Trio&quot;) Jes\u00fas Reina, violin Asier Polo, cello Ivan Mart\u00edn, piano more information&lt;\/p&gt;\\n","image":"https:\/\/www.asierpolo.com\/wp-content\/uploads\/2015\/08\/IN2015032_Foto9B.jpg","url":"https:\/\/www.asierpolo.com\/en\/evento\/festival-de-forum-musikae-concierto-de-clausura\/","startDate":"2016-07-23T20:00:00+02:00","endDate":"2016-07-23T22:00:00+02:00","location":{"@type":"Place","name":"Teatro Mira, Pozuelo de Alarc\u00f3n","description":"","url":"","address":{"@type":"PostalAddress","addressLocality":"Madrid","addressCountry":"Espa\u00f1a"},"telephone":"","sameAs":""},"performer":"Organization"}}