{"id":1071,"global_id":"www.asierpolo.com\/en\/?id=1071","global_id_lineage":["www.asierpolo.com\/en\/?id=1071"],"author":"3","status":"publish","date":"2015-08-27 19:15:42","date_utc":"2015-08-27 17:15:42","modified":"2015-10-24 13:05:41","modified_utc":"2015-10-24 11:05:41","url":"https:\/\/www.asierpolo.com\/en\/evento\/quantum-ensemble-tenerife\/","rest_url":"https:\/\/www.asierpolo.com\/en\/wp-json\/tribe\/events\/v1\/events\/1071","title":"Quantum Ensemble, Tenerife","description":"<p>Quantum Ensemble<br \/>\n<strong>Cello:<\/strong> Asier Polo<br \/>\n<strong>Programme:<\/strong><br \/>\nA. Sch\u00f6nberg, Verkl\u00e4rte Nacht, Op. 4<br \/>\nJ. Brahms, Clarinet Trio Op. 114<\/p>","excerpt":"","slug":"quantum-ensemble-tenerife","image":{"url":"https:\/\/www.asierpolo.com\/wp-content\/uploads\/2015\/08\/auditorio2.jpg","id":887,"extension":"jpg","width":800,"height":520,"sizes":{"thumbnail":{"width":150,"height":150,"mime-type":"image\/jpeg","url":"https:\/\/www.asierpolo.com\/wp-content\/uploads\/2015\/08\/auditorio2-150x150.jpg"},"medium":{"width":300,"height":195,"mime-type":"image\/jpeg","url":"https:\/\/www.asierpolo.com\/wp-content\/uploads\/2015\/08\/auditorio2-300x195.jpg"},"homepage-news":{"width":450,"height":270,"mime-type":"image\/jpeg","url":"https:\/\/www.asierpolo.com\/wp-content\/uploads\/2015\/08\/auditorio2-450x270.jpg"},"homepage-videos":{"width":450,"height":350,"mime-type":"image\/jpeg","url":"https:\/\/www.asierpolo.com\/wp-content\/uploads\/2015\/08\/auditorio2-450x350.jpg"},"list-news":{"width":750,"height":420,"mime-type":"image\/jpeg","url":"https:\/\/www.asierpolo.com\/wp-content\/uploads\/2015\/08\/auditorio2-750x420.jpg"},"foto-grid":{"width":320,"height":208,"mime-type":"image\/jpeg","url":"https:\/\/www.asierpolo.com\/wp-content\/uploads\/2015\/08\/auditorio2-320x208.jpg"}}},"all_day":false,"start_date":"2015-12-17 20:30:00","start_date_details":{"year":"2015","month":"12","day":"17","hour":"20","minutes":"30","seconds":"00"},"end_date":"2015-12-17 22:30:00","end_date_details":{"year":"2015","month":"12","day":"17","hour":"22","minutes":"30","seconds":"00"},"utc_start_date":"2015-12-17 19:30:00","utc_start_date_details":{"year":"2015","month":"12","day":"17","hour":"19","minutes":"30","seconds":"00"},"utc_end_date":"2015-12-17 21:30:00","utc_end_date_details":{"year":"2015","month":"12","day":"17","hour":"21","minutes":"30","seconds":"00"},"timezone":"Europe\/Madrid","timezone_abbr":"CET","cost":"","cost_details":{"currency_symbol":"","currency_position":"prefix","values":[]},"website":"http:\/\/auditoriodetenerife.com\/evento\/quantum-ensemble-4\/","show_map":false,"show_map_link":false,"hide_from_listings":false,"sticky":false,"featured":false,"categories":[],"tags":[],"venue":{"id":615,"author":"3","status":"publish","date":"2015-08-27 19:13:33","date_utc":"2015-08-27 17:13:33","modified":"2015-08-27 19:13:33","modified_utc":"2015-08-27 17:13:33","url":"https:\/\/www.asierpolo.com\/venue\/auditorio-adan-martin\/","venue":"Auditorio Ad\u00e1n Mart\u00edn","slug":"auditorio-adan-martin","city":"Tenerife","country":"Espa\u00f1a","json_ld":{"@type":"Place","name":"Auditorio Ad\u00e1n Mart\u00edn","description":"","url":"","address":{"@type":"PostalAddress","addressLocality":"Tenerife","addressCountry":"Espa\u00f1a"},"telephone":"","sameAs":""},"show_map":true,"show_map_link":true,"global_id":"www.asierpolo.com\/en\/?id=615","global_id_lineage":["www.asierpolo.com\/en\/?id=615"]},"organizer":[],"json_ld":{"@context":"http:\/\/schema.org","@type":"Event","name":"Quantum Ensemble, Tenerife","description":"&lt;p&gt;Quantum Ensemble Cello: Asier Polo Programme: A. Sch\u00f6nberg, Verkl\u00e4rte Nacht, Op. 4 J. Brahms, Clarinet Trio Op. 114&lt;\/p&gt;\\n","image":"https:\/\/www.asierpolo.com\/wp-content\/uploads\/2015\/08\/auditorio2.jpg","url":"https:\/\/www.asierpolo.com\/en\/evento\/quantum-ensemble-tenerife\/","startDate":"2015-12-17T20:30:00+01:00","endDate":"2015-12-17T22:30:00+01:00","location":{"@type":"Place","name":"Auditorio Ad\u00e1n Mart\u00edn","description":"","url":"","address":{"@type":"PostalAddress","addressLocality":"Tenerife","addressCountry":"Espa\u00f1a"},"telephone":"","sameAs":""},"performer":"Organization"}}